{"id":590,"date":"2025-04-14T15:58:35","date_gmt":"2025-04-14T13:58:35","guid":{"rendered":"http:\/\/atelierdelamaingauche.fr\/?p=590"},"modified":"2025-04-22T14:52:49","modified_gmt":"2025-04-22T12:52:49","slug":"nid-de-revoltes-exposition","status":"publish","type":"post","link":"http:\/\/atelierdelamaingauche.fr\/index.php\/2025\/04\/14\/nid-de-revoltes-exposition\/","title":{"rendered":"&#8220;Nid de r\u00e9voltes&#8221; &#8211; exposition"},"content":{"rendered":"\n<p><strong>Du 1er mai au 8 juin 2025 &#8211; vernissage le jeudi 1er mai \u00e0 partir de 18h<\/strong><\/p>\n\n\n\n<p>Ouvertures r\u00e9guli\u00e8res : lundi, mardi, mercredi, de 19h \u00e0 22h. Jeudi de 10h \u00e0 17h.<\/p>\n\n\n\n<p>&#8220;Nid de r\u00e9voltes&#8221; est une exposition de gravures en taille d&#8217;\u00e9pargne qui rassemble les univers des artistes Imen Roulala, Rizzo Boring et Rayan Forestgreen. Leurs travaux en gravure sur bois et lino se rejoignent par leur mani\u00e8re qu&#8217;ils ont de nous rappeler \u00e0 nos \u00e9lans de r\u00e9sistance.<\/p>\n\n\n\n<p>Un ordre \u00e9tabli puant est l\u00e0 qu&#8217;on ne veut pas \u00e9luder. On ne fera pas semblant que l&#8217;art n&#8217;est qu&#8217;une histoire de symboles, d&#8217;esth\u00e9tique et de d\u00e9coration. On pourra s&#8217;\u00e9merveiller gr\u00e2ce \u00e0 la po\u00e9sie de leurs \u0153uvres sans laisser \u00e0 la porte notre conscience du monde, nos peurs qu&#8217;il faut transformer en col\u00e8re et nos d\u00e9sirs qui font d\u00e9sordres. Merci \u00e0 elleux de semer des graines dans nos esprits parfois fatigu\u00e9s ou d\u00e9munis. Un instant, loin des d\u00e9sirs mortif\u00e8res des puissants, nos c\u0153urs s&#8217;\u00e9merveillent de tant de possibles. Venez !<\/p>\n\n\n\n<p>Atelier de linogravure avec Imen Roulala : vendredi 16 mai de 14h \u00e0 16h30 (35 euros &#8211; inscription par mail &gt; <a href=\"mailto:laforcenee@gmail.com\">laforcenee@gmail.com<\/a>)<\/p>\n","protected":false},"excerpt":{"rendered":"<p>Du 1er mai au 8 juin 2025 &#8211; vernissage le jeudi 1er mai \u00e0 partir de 18h Ouvertures r\u00e9guli\u00e8res : lundi, mardi, mercredi, de 19h \u00e0 22h. Jeudi de 10h \u00e0 17h. &#8220;Nid de r\u00e9voltes&#8221; est une exposition de gravures en taille d&#8217;\u00e9pargne qui rassemble les univers des artistes Imen Roulala, Rizzo Boring et Rayan [&hellip;]<\/p>\n","protected":false},"author":1,"featured_media":591,"comment_status":"open","ping_status":"open","sticky":false,"template":"","format":"standard","meta":{"footnotes":""},"categories":[13],"tags":[16,9,60,61,63,62,31],"class_list":["post-590","post","type-post","status-publish","format-standard","has-post-thumbnail","hentry","category-exposition","tag-exposition","tag-gravure","tag-imen-roulala","tag-linogravure","tag-rayan-forestgreen","tag-rizzo-boring","tag-taille-depargne"],"_links":{"self":[{"href":"http:\/\/atelierdelamaingauche.fr\/index.php\/wp-json\/wp\/v2\/posts\/590","targetHints":{"allow":["GET"]}}],"collection":[{"href":"http:\/\/atelierdelamaingauche.fr\/index.php\/wp-json\/wp\/v2\/posts"}],"about":[{"href":"http:\/\/atelierdelamaingauche.fr\/index.php\/wp-json\/wp\/v2\/types\/post"}],"author":[{"embeddable":true,"href":"http:\/\/atelierdelamaingauche.fr\/index.php\/wp-json\/wp\/v2\/users\/1"}],"replies":[{"embeddable":true,"href":"http:\/\/atelierdelamaingauche.fr\/index.php\/wp-json\/wp\/v2\/comments?post=590"}],"version-history":[{"count":4,"href":"http:\/\/atelierdelamaingauche.fr\/index.php\/wp-json\/wp\/v2\/posts\/590\/revisions"}],"predecessor-version":[{"id":597,"href":"http:\/\/atelierdelamaingauche.fr\/index.php\/wp-json\/wp\/v2\/posts\/590\/revisions\/597"}],"wp:featuredmedia":[{"embeddable":true,"href":"http:\/\/atelierdelamaingauche.fr\/index.php\/wp-json\/wp\/v2\/media\/591"}],"wp:attachment":[{"href":"http:\/\/atelierdelamaingauche.fr\/index.php\/wp-json\/wp\/v2\/media?parent=590"}],"wp:term":[{"taxonomy":"category","embeddable":true,"href":"http:\/\/atelierdelamaingauche.fr\/index.php\/wp-json\/wp\/v2\/categories?post=590"},{"taxonomy":"post_tag","embeddable":true,"href":"http:\/\/atelierdelamaingauche.fr\/index.php\/wp-json\/wp\/v2\/tags?post=590"}],"curies":[{"name":"wp","href":"https:\/\/api.w.org\/{rel}","templated":true}]}}