{"id":602,"date":"2025-05-21T17:51:58","date_gmt":"2025-05-21T15:51:58","guid":{"rendered":"http:\/\/atelierdelamaingauche.fr\/?p=602"},"modified":"2025-05-21T17:51:58","modified_gmt":"2025-05-21T15:51:58","slug":"journees-portes-ouvertes-pour-la-fete-de-lestampe-les-24-et-25-mai","status":"publish","type":"post","link":"http:\/\/atelierdelamaingauche.fr\/index.php\/2025\/05\/21\/journees-portes-ouvertes-pour-la-fete-de-lestampe-les-24-et-25-mai\/","title":{"rendered":"Journ\u00e9es portes ouvertes pour la F\u00eate de l&#8217;Estampe les 24 et 25 mai"},"content":{"rendered":"\n<p>Pour la 13\u00e8me \u00e9dition de la F\u00eate de l&#8217;Estampe, nous serons en travail et ouvrirons nos portes les 24 et 25 mai. Venez nous rencontrer !<\/p>\n\n\n\n<p>Vous pourrez aussi voir sur nos murs jusqu&#8217;au 7 juin l&#8217;exposition &#8220;Nid de r\u00e9voltes&#8221; des artistes Imen Roulala, Rayan Foresgreen et Rizzo Boring.<\/p>\n\n\n\n<p>Horaires 11h\/18h<\/p>\n\n\n\n<p>En pr\u00e9sence d&#8217;Anne-Fr\u00e9d\u00e9rique Maurer, Camille Laforcen\u00e9e, Agn\u00e8s Petit et Iza.<\/p>\n\n\n\n<p><\/p>\n","protected":false},"excerpt":{"rendered":"<p>Pour la 13\u00e8me \u00e9dition de la F\u00eate de l&#8217;Estampe, nous serons en travail et ouvrirons nos portes les 24 et 25 mai. Venez nous rencontrer ! Vous pourrez aussi voir sur nos murs jusqu&#8217;au 7 juin l&#8217;exposition &#8220;Nid de r\u00e9voltes&#8221; des artistes Imen Roulala, Rayan Foresgreen et Rizzo Boring. Horaires 11h\/18h En pr\u00e9sence d&#8217;Anne-Fr\u00e9d\u00e9rique Maurer, [&hellip;]<\/p>\n","protected":false},"author":1,"featured_media":603,"comment_status":"open","ping_status":"open","sticky":false,"template":"","format":"standard","meta":{"footnotes":""},"categories":[44,36,26,35,13,65,12,38,64],"tags":[70,50,10,58,25,23,16,66,69,56,67,68,63,62],"class_list":["post-602","post","type-post","status-publish","format-standard","has-post-thumbnail","hentry","category-anne-frederique-maurer","category-artistes-residentes","category-camille-laforcenee","category-collectif","category-exposition","category-fete-de-lestampe","category-gravure","category-iza","category-portes-ouvertes","tag-agnes-petit","tag-anne-frederique-maurer","tag-atelier","tag-atelier-de-la-main-gauche","tag-camille-laforcenee","tag-estampe","tag-exposition","tag-fete-de-lestampe","tag-imem-roulala","tag-iza","tag-manifestampe","tag-portes-ouvertes","tag-rayan-forestgreen","tag-rizzo-boring"],"_links":{"self":[{"href":"http:\/\/atelierdelamaingauche.fr\/index.php\/wp-json\/wp\/v2\/posts\/602","targetHints":{"allow":["GET"]}}],"collection":[{"href":"http:\/\/atelierdelamaingauche.fr\/index.php\/wp-json\/wp\/v2\/posts"}],"about":[{"href":"http:\/\/atelierdelamaingauche.fr\/index.php\/wp-json\/wp\/v2\/types\/post"}],"author":[{"embeddable":true,"href":"http:\/\/atelierdelamaingauche.fr\/index.php\/wp-json\/wp\/v2\/users\/1"}],"replies":[{"embeddable":true,"href":"http:\/\/atelierdelamaingauche.fr\/index.php\/wp-json\/wp\/v2\/comments?post=602"}],"version-history":[{"count":1,"href":"http:\/\/atelierdelamaingauche.fr\/index.php\/wp-json\/wp\/v2\/posts\/602\/revisions"}],"predecessor-version":[{"id":604,"href":"http:\/\/atelierdelamaingauche.fr\/index.php\/wp-json\/wp\/v2\/posts\/602\/revisions\/604"}],"wp:featuredmedia":[{"embeddable":true,"href":"http:\/\/atelierdelamaingauche.fr\/index.php\/wp-json\/wp\/v2\/media\/603"}],"wp:attachment":[{"href":"http:\/\/atelierdelamaingauche.fr\/index.php\/wp-json\/wp\/v2\/media?parent=602"}],"wp:term":[{"taxonomy":"category","embeddable":true,"href":"http:\/\/atelierdelamaingauche.fr\/index.php\/wp-json\/wp\/v2\/categories?post=602"},{"taxonomy":"post_tag","embeddable":true,"href":"http:\/\/atelierdelamaingauche.fr\/index.php\/wp-json\/wp\/v2\/tags?post=602"}],"curies":[{"name":"wp","href":"https:\/\/api.w.org\/{rel}","templated":true}]}}