{"id":649,"date":"2025-10-19T16:49:29","date_gmt":"2025-10-19T14:49:29","guid":{"rendered":"http:\/\/atelierdelamaingauche.fr\/?p=649"},"modified":"2025-10-20T14:43:32","modified_gmt":"2025-10-20T12:43:32","slug":"langage-souterrain-ekin-kirimkan-gravure","status":"publish","type":"post","link":"http:\/\/atelierdelamaingauche.fr\/index.php\/2025\/10\/19\/langage-souterrain-ekin-kirimkan-gravure\/","title":{"rendered":"Langage souterrain &#8211; Ekin Kirimkan &#8211; gravure"},"content":{"rendered":"\n<p>Du 7 au 30 novembre 2025 &#8211; Vernissage le vendredi 7 novembre \u00e0 partir de 18h<\/p>\n\n\n\n<p>Ma recherche s\u2019appuie sur le principe de vie qui compose toute chose.<br>Je parle avant tout du vivant, de l\u2019organique, de ce qui respire et se transforme.<br>Je parle des diff\u00e9rents r\u00e8gnes, de l\u2019\u00eatre min\u00e9ral, de l\u2019\u00eatre v\u00e9g\u00e9tal, de l\u2019\u00eatre animal et de l\u2019\u00eatre humain.<br>Je parle de leur rencontre et leur interaction, du lien qui se tisse \u00e0 chaque instant entre eux.<br>Je parle de la plus petite chose comme de la plus grande.<br>J\u2019\u00e9voque et j\u2019invoque chaque micro mouvement contenu dans le mouvement.<br>Je parle de l\u2019intime, depuis le dedans des choses, de leurs int\u00e9riorit\u00e9s.<br>Telle une \u00e9criture intuitive, il s\u2019agit d\u2019un langage silencieux, qui se construit et se r\u00e9alise dans le silence.<br>Je donne \u00e0 voir non pas la forme physique et finie des choses, non pas celle qui se manifeste par l\u2019apparence et ses contours mais la part abstraite de ces m\u00eames choses, cette part impalpable et int\u00e9rieure.<br>La mati\u00e8re subtile qui met en mouvement toute vie.<br>Le souffle qui la traverse.<br>Je parle de l\u2019air et de l\u2019\u00e9ther, de l\u2019eau et du feu, de la terre.<br>Des \u00e9l\u00e9mentaires.<br>De tous les petits \u00eatres qui habitent les espaces-temps non lin\u00e9aires.<br>Des incarnations muettes,<br>Des pr\u00e9sences vacillantes,<br>En expansion et en retenue,<br>Qui exhalent de la surface du papier en m\u00eame temps qu\u2019elles sont absorb\u00e9es par elle.<\/p>\n\n\n\n<p><\/p>\n","protected":false},"excerpt":{"rendered":"<p>Du 7 au 30 novembre 2025 &#8211; Vernissage le vendredi 7 novembre \u00e0 partir de 18h Ma recherche s\u2019appuie sur le principe de vie qui compose toute chose.Je parle avant tout du vivant, de l\u2019organique, de ce qui respire et se transforme.Je parle des diff\u00e9rents r\u00e8gnes, de l\u2019\u00eatre min\u00e9ral, de l\u2019\u00eatre v\u00e9g\u00e9tal, de l\u2019\u00eatre animal [&hellip;]<\/p>\n","protected":false},"author":1,"featured_media":653,"comment_status":"open","ping_status":"open","sticky":false,"template":"","format":"standard","meta":{"footnotes":""},"categories":[13,12],"tags":[72,23,16],"class_list":["post-649","post","type-post","status-publish","format-standard","has-post-thumbnail","hentry","category-exposition","category-gravure","tag-ekin-kirimkan","tag-estampe","tag-exposition"],"_links":{"self":[{"href":"http:\/\/atelierdelamaingauche.fr\/index.php\/wp-json\/wp\/v2\/posts\/649","targetHints":{"allow":["GET"]}}],"collection":[{"href":"http:\/\/atelierdelamaingauche.fr\/index.php\/wp-json\/wp\/v2\/posts"}],"about":[{"href":"http:\/\/atelierdelamaingauche.fr\/index.php\/wp-json\/wp\/v2\/types\/post"}],"author":[{"embeddable":true,"href":"http:\/\/atelierdelamaingauche.fr\/index.php\/wp-json\/wp\/v2\/users\/1"}],"replies":[{"embeddable":true,"href":"http:\/\/atelierdelamaingauche.fr\/index.php\/wp-json\/wp\/v2\/comments?post=649"}],"version-history":[{"count":1,"href":"http:\/\/atelierdelamaingauche.fr\/index.php\/wp-json\/wp\/v2\/posts\/649\/revisions"}],"predecessor-version":[{"id":652,"href":"http:\/\/atelierdelamaingauche.fr\/index.php\/wp-json\/wp\/v2\/posts\/649\/revisions\/652"}],"wp:featuredmedia":[{"embeddable":true,"href":"http:\/\/atelierdelamaingauche.fr\/index.php\/wp-json\/wp\/v2\/media\/653"}],"wp:attachment":[{"href":"http:\/\/atelierdelamaingauche.fr\/index.php\/wp-json\/wp\/v2\/media?parent=649"}],"wp:term":[{"taxonomy":"category","embeddable":true,"href":"http:\/\/atelierdelamaingauche.fr\/index.php\/wp-json\/wp\/v2\/categories?post=649"},{"taxonomy":"post_tag","embeddable":true,"href":"http:\/\/atelierdelamaingauche.fr\/index.php\/wp-json\/wp\/v2\/tags?post=649"}],"curies":[{"name":"wp","href":"https:\/\/api.w.org\/{rel}","templated":true}]}}